{"id":1694,"date":"2026-07-07T14:28:00","date_gmt":"2026-07-07T14:28:00","guid":{"rendered":"https:\/\/openet.it\/?p=1694"},"modified":"2026-09-01T14:33:49","modified_gmt":"2026-09-01T14:33:49","slug":"dallo-spazio-alle-macchine-del-tempo-con-openet-la-nuova-era-di-sparkme-insieme-a-inaf","status":"publish","type":"post","link":"https:\/\/openet.it\/fr\/dallo-spazio-alle-macchine-del-tempo-con-openet-la-nuova-era-di-sparkme-insieme-a-inaf\/","title":{"rendered":"De l'espace aux \u00ab machines \u00e0 remonter le temps \u00bb : Openet inaugure une nouvelle \u00e8re pour SPARKme, en collaboration avec l'INAF."},"content":{"rendered":"<div data-elementor-type=\"wp-post\" data-elementor-id=\"1694\" class=\"elementor elementor-1694\" data-elementor-post-type=\"post\">\n\t\t\t\t<div class=\"elementor-element elementor-element-1574217 e-flex e-con-boxed e-con e-parent\" data-id=\"1574217\" data-element_type=\"container\" data-e-type=\"container\">\n\t\t\t\t\t<div class=\"e-con-inner\">\n\t\t\t\t<div class=\"elementor-element elementor-element-0f2b146 elementor-widget elementor-widget-text-editor\" data-id=\"0f2b146\" data-element_type=\"widget\" data-e-type=\"widget\" data-widget_type=\"text-editor.default\">\n\t\t\t\t<div class=\"elementor-widget-container\">\n\t\t\t\t\t\t\t\t\t<p>La transformation extraordinaire de Matera en un p\u00f4le d'excellence pour l'a\u00e9rospatiale et la diffusion scientifique n'est pas le fruit du hasard, mais le r\u00e9sultat d'une vision strat\u00e9gique m\u00fbrie de longue date. Aujourd'hui, la SPARKme Space Academy tire sa force du partenariat que son entreprise pilote, Openet, a tiss\u00e9 au fil des ans avec l'Agence spatiale italienne (ASI) et l'Agence spatiale europ\u00e9enne (ESA). Con\u00e7u initialement comme un acc\u00e9l\u00e9rateur technologique pour int\u00e9grer les donn\u00e9es satellitaires et les solutions spatiales dans la vie quotidienne, le projet SPARKme conna\u00eet d\u00e9sormais une \u00e9volution scientifique, culturelle et \u00e9ducative remarquable.<br \/>Les d\u00e9veloppements actuels du p\u00f4le se refl\u00e8tent dans l'accueil permanent de \u00ab\u00a0Time Machines\u00a0\u00bb, la c\u00e9l\u00e8bre et spectaculaire exposition interactive et immersive de l'Institut national d'astrophysique (INAF). Apr\u00e8s avoir attir\u00e9 un large public \u00e0 Rome et \u00e0 Turin, l'exposition est d\u00e9sormais install\u00e9e en Basilicate, offrant une exp\u00e9rience immersive \u00e0 360 degr\u00e9s avec des reproductions du syst\u00e8me solaire, des espaces multim\u00e9dias et des simulations de trous noirs. Cette synergie entre recherche, institutions et initiative priv\u00e9e a \u00e9t\u00e9 salu\u00e9e par le vice-ministre des Affaires \u00e9trang\u00e8res, M. Edmondo Cirielli, pr\u00e9sent \u00e0 l'inauguration. Alors que Matera brille cette ann\u00e9e en tant que Capitale m\u00e9diterran\u00e9enne de la culture et du m\u00e9rite, l'acad\u00e9mie confirme son statut de centre d'excellence europ\u00e9en unique, captivant d\u00e9j\u00e0 plus de 7\u00a0000 \u00e9tudiants et d\u00e9montrant que l'Italie du Sud peut jouer un r\u00f4le de premier plan dans la construction de l'avenir du cosmos.<\/p>\t\t\t\t\t\t\t\t<\/div>\n\t\t\t\t<\/div>\n\t\t\t\t<div class=\"elementor-element elementor-element-78bcf5b gallery-spacing-custom elementor-widget elementor-widget-image-gallery\" data-id=\"78bcf5b\" data-element_type=\"widget\" data-e-type=\"widget\" data-widget_type=\"image-gallery.default\">\n\t\t\t\t<div class=\"elementor-widget-container\">\n\t\t\t\t\t\t\t<div class=\"elementor-image-gallery\">\n\t\t\t<div id='gallery-1' class='gallery galleryid-1694 gallery-columns-2 gallery-size-full'><figure class='gallery-item'>\n\t\t\t<div class='gallery-icon portrait'>\n\t\t\t\t<a data-elementor-open-lightbox=\"yes\" data-elementor-lightbox-slideshow=\"78bcf5b\" data-elementor-lightbox-title=\"macchine_tempo04\" data-e-action-hash=\"#elementor-action%3Aaction%3Dlightbox%26settings%3DeyJpZCI6MTY5OSwidXJsIjoiaHR0cHM6XC9cL29wZW5ldC5pdFwvd3AtY29udGVudFwvdXBsb2Fkc1wvMjAyNlwvMDlcL21hY2NoaW5lX3RlbXBvMDQuYXZpZiIsInNsaWRlc2hvdyI6Ijc4YmNmNWIifQ%3D%3D\" href='https:\/\/openet.it\/wp-content\/uploads\/2026\/09\/macchine_tempo04.avif'><img fetchpriority=\"high\" width=\"480\" height=\"640\" src=\"https:\/\/openet.it\/wp-content\/uploads\/2026\/09\/macchine_tempo04.avif\" class=\"attachment-full size-full\" alt=\"\" decoding=\"async\" srcset=\"https:\/\/openet.it\/wp-content\/uploads\/2026\/09\/macchine_tempo04.avif 480w, https:\/\/openet.it\/wp-content\/uploads\/2026\/09\/macchine_tempo04-225x300.avif 225w, https:\/\/openet.it\/wp-content\/uploads\/2026\/09\/macchine_tempo04-9x12.avif 9w\" sizes=\"(max-width: 480px) 100vw, 480px\" \/><\/a>\n\t\t\t<\/div><\/figure><figure class='gallery-item'>\n\t\t\t<div class='gallery-icon portrait'>\n\t\t\t\t<a data-elementor-open-lightbox=\"yes\" data-elementor-lightbox-slideshow=\"78bcf5b\" data-elementor-lightbox-title=\"macchine_tempo03_02\" data-e-action-hash=\"#elementor-action%3Aaction%3Dlightbox%26settings%3DeyJpZCI6MTY5NywidXJsIjoiaHR0cHM6XC9cL29wZW5ldC5pdFwvd3AtY29udGVudFwvdXBsb2Fkc1wvMjAyNlwvMDlcL21hY2NoaW5lX3RlbXBvMDNfMDIuYXZpZiIsInNsaWRlc2hvdyI6Ijc4YmNmNWIifQ%3D%3D\" href='https:\/\/openet.it\/wp-content\/uploads\/2026\/09\/macchine_tempo03_02.avif'><img width=\"480\" height=\"640\" src=\"https:\/\/openet.it\/wp-content\/uploads\/2026\/09\/macchine_tempo03_02.avif\" class=\"attachment-full size-full\" alt=\"\" decoding=\"async\" srcset=\"https:\/\/openet.it\/wp-content\/uploads\/2026\/09\/macchine_tempo03_02.avif 480w, https:\/\/openet.it\/wp-content\/uploads\/2026\/09\/macchine_tempo03_02-225x300.avif 225w, https:\/\/openet.it\/wp-content\/uploads\/2026\/09\/macchine_tempo03_02-9x12.avif 9w\" sizes=\"(max-width: 480px) 100vw, 480px\" \/><\/a>\n\t\t\t<\/div><\/figure>\n\t\t<\/div>\n\t\t<\/div>\n\t\t\t\t\t\t<\/div>\n\t\t\t\t<\/div>\n\t\t\t\t\t<\/div>\n\t\t\t\t<\/div>\n\t\t\t\t<\/div>","protected":false},"excerpt":{"rendered":"<p>La straordinaria metamorfosi di Matera in un punto di riferimento per l&#8217;aerospazio e la divulgazione scientifica non \u00e8 frutto del caso, ma il risultato di una visione strategica nata da lontano. L&#8217;odierna SPARKme Space Academy trae infatti la sua forza dal partenariato che la societ\u00e0 capofila Openet, , ha saputo tessere negli anni con l&#8217;Agenzia [&hellip;]<\/p>\n","protected":false},"author":1,"featured_media":1697,"comment_status":"closed","ping_status":"closed","sticky":false,"template":"","format":"standard","meta":{"footnotes":""},"categories":[1],"tags":[],"class_list":["post-1694","post","type-post","status-publish","format-standard","has-post-thumbnail","hentry","category-uncategorized"],"aioseo_notices":[],"aioseo_head":"\n\t\t<!-- All in One SEO 5.0.0.1 - aioseo.com -->\n\t<meta name=\"description\" content=\"La straordinaria metamorfosi di Matera in un punto di riferimento per l\u2019aerospazio e la divulgazione scientifica non \u00e8 frutto del caso, ma il risultato di una visione strategica nata da lontano. L\u2019odierna SPARKme Space Academy trae infatti la sua forza dal partenariato che la societ\u00e0 capofila Openet, , ha saputo tessere negli anni con l\u2019Agenzia\" \/>\n\t<meta name=\"robots\" content=\"max-image-preview:large\" \/>\n\t<meta name=\"author\" content=\"OpNeT2018\"\/>\n\t<link rel=\"canonical\" href=\"https:\/\/openet.it\/fr\/dallo-spazio-alle-macchine-del-tempo-con-openet-la-nuova-era-di-sparkme-insieme-a-inaf\/\" \/>\n\t<meta name=\"generator\" content=\"All in One SEO (AIOSEO) 5.0.0.1\" \/>\n\t\t<meta property=\"og:locale\" content=\"fr_FR\" \/>\n\t\t<meta property=\"og:site_name\" content=\"Openet Technologies Spa - Innovation &amp; Technology\" \/>\n\t\t<meta property=\"og:type\" content=\"article\" \/>\n\t\t<meta property=\"og:title\" content=\"Dallo spazio alle \u201cMacchine del Tempo\u201d: con Openet la nuova era di SPARKme insieme a INAF - Openet Technologies Spa\" \/>\n\t\t<meta property=\"og:description\" content=\"La straordinaria metamorfosi di Matera in un punto di riferimento per l\u2019aerospazio e la divulgazione scientifica non \u00e8 frutto del caso, ma il risultato di una visione strategica nata da lontano. L\u2019odierna SPARKme Space Academy trae infatti la sua forza dal partenariato che la societ\u00e0 capofila Openet, , ha saputo tessere negli anni con l\u2019Agenzia\" \/>\n\t\t<meta property=\"og:url\" content=\"https:\/\/openet.it\/fr\/dallo-spazio-alle-macchine-del-tempo-con-openet-la-nuova-era-di-sparkme-insieme-a-inaf\/\" \/>\n\t\t<meta property=\"og:image\" content=\"https:\/\/openet.it\/wp-content\/uploads\/2025\/09\/Logo_Openet_2.png\" \/>\n\t\t<meta property=\"og:image:secure_url\" content=\"https:\/\/openet.it\/wp-content\/uploads\/2025\/09\/Logo_Openet_2.png\" \/>\n\t\t<meta property=\"og:image:width\" content=\"610\" \/>\n\t\t<meta property=\"og:image:height\" content=\"188\" \/>\n\t\t<meta property=\"article:published_time\" content=\"2026-07-07T14:28:00+00:00\" \/>\n\t\t<meta property=\"article:modified_time\" content=\"2026-09-01T14:33:49+00:00\" \/>\n\t\t<meta property=\"article:publisher\" content=\"https:\/\/www.facebook.com\/OpenetTechnologiesSpa\" \/>\n\t\t<meta name=\"twitter:card\" content=\"summary_large_image\" \/>\n\t\t<meta name=\"twitter:site\" content=\"@OpenetTechnolog\" \/>\n\t\t<meta name=\"twitter:title\" content=\"Dallo spazio alle \u201cMacchine del Tempo\u201d: con Openet la nuova era di SPARKme insieme a INAF - Openet Technologies Spa\" \/>\n\t\t<meta name=\"twitter:description\" content=\"La straordinaria metamorfosi di Matera in un punto di riferimento per l\u2019aerospazio e la divulgazione scientifica non \u00e8 frutto del caso, ma il risultato di una visione strategica nata da lontano. L\u2019odierna SPARKme Space Academy trae infatti la sua forza dal partenariato che la societ\u00e0 capofila Openet, , ha saputo tessere negli anni con l\u2019Agenzia\" \/>\n\t\t<meta name=\"twitter:creator\" content=\"@OpenetTechnolog\" \/>\n\t\t<meta name=\"twitter:image\" content=\"https:\/\/openet.it\/wp-content\/uploads\/2025\/09\/Logo_Openet_2.png\" \/>\n\t\t<script type=\"application\/ld+json\" class=\"aioseo-schema\">\n\t\t\t{\"@context\":\"https:\\\/\\\/schema.org\",\"@graph\":[{\"@type\":\"BlogPosting\",\"@id\":\"https:\\\/\\\/openet.it\\\/fr\\\/dallo-spazio-alle-macchine-del-tempo-con-openet-la-nuova-era-di-sparkme-insieme-a-inaf\\\/#blogposting\",\"name\":\"Dallo spazio alle \\u201cMacchine del Tempo\\u201d: con Openet la nuova era di SPARKme insieme a INAF - Openet Technologies Spa\",\"headline\":\"Dallo spazio alle &#8220;Macchine del Tempo&#8221;: con Openet la nuova era di SPARKme insieme a INAF\",\"author\":{\"@id\":\"https:\\\/\\\/openet.it\\\/fr\\\/author\\\/OpNeT2018\\\/#author\"},\"publisher\":{\"@id\":\"https:\\\/\\\/openet.it\\\/fr\\\/#organization\"},\"image\":{\"@type\":\"ImageObject\",\"url\":\"https:\\\/\\\/openet.it\\\/wp-content\\\/uploads\\\/2026\\\/09\\\/macchine_tempo03_02.avif\",\"width\":480,\"height\":640},\"datePublished\":\"2026-07-07T14:28:00+00:00\",\"dateModified\":\"2026-09-01T14:33:49+00:00\",\"inLanguage\":\"fr-FR\",\"mainEntityOfPage\":{\"@id\":\"https:\\\/\\\/openet.it\\\/fr\\\/dallo-spazio-alle-macchine-del-tempo-con-openet-la-nuova-era-di-sparkme-insieme-a-inaf\\\/#webpage\"},\"isPartOf\":{\"@id\":\"https:\\\/\\\/openet.it\\\/fr\\\/dallo-spazio-alle-macchine-del-tempo-con-openet-la-nuova-era-di-sparkme-insieme-a-inaf\\\/#webpage\"},\"articleSection\":\"Uncategorized\"},{\"@type\":\"BreadcrumbList\",\"@id\":\"https:\\\/\\\/openet.it\\\/fr\\\/dallo-spazio-alle-macchine-del-tempo-con-openet-la-nuova-era-di-sparkme-insieme-a-inaf\\\/#breadcrumblist\",\"itemListElement\":[{\"@type\":\"ListItem\",\"@id\":\"https:\\\/\\\/openet.it\\\/fr#listItem\",\"position\":1,\"name\":\"Home\",\"item\":\"https:\\\/\\\/openet.it\\\/fr\",\"nextItem\":{\"@type\":\"ListItem\",\"@id\":\"https:\\\/\\\/openet.it\\\/fr\\\/category\\\/uncategorized\\\/#listItem\",\"name\":\"Uncategorized\"}},{\"@type\":\"ListItem\",\"@id\":\"https:\\\/\\\/openet.it\\\/fr\\\/category\\\/uncategorized\\\/#listItem\",\"position\":2,\"name\":\"Uncategorized\",\"item\":\"https:\\\/\\\/openet.it\\\/fr\\\/category\\\/uncategorized\\\/\",\"nextItem\":{\"@type\":\"ListItem\",\"@id\":\"https:\\\/\\\/openet.it\\\/fr\\\/dallo-spazio-alle-macchine-del-tempo-con-openet-la-nuova-era-di-sparkme-insieme-a-inaf\\\/#listItem\",\"name\":\"Dallo spazio alle &#8220;Macchine del Tempo&#8221;: con Openet la nuova era di SPARKme insieme a INAF\"},\"previousItem\":{\"@type\":\"ListItem\",\"@id\":\"https:\\\/\\\/openet.it\\\/fr#listItem\",\"name\":\"Home\"}},{\"@type\":\"ListItem\",\"@id\":\"https:\\\/\\\/openet.it\\\/fr\\\/dallo-spazio-alle-macchine-del-tempo-con-openet-la-nuova-era-di-sparkme-insieme-a-inaf\\\/#listItem\",\"position\":3,\"name\":\"Dallo spazio alle &#8220;Macchine del Tempo&#8221;: con Openet la nuova era di SPARKme insieme a INAF\",\"previousItem\":{\"@type\":\"ListItem\",\"@id\":\"https:\\\/\\\/openet.it\\\/fr\\\/category\\\/uncategorized\\\/#listItem\",\"name\":\"Uncategorized\"}}]},{\"@type\":\"Organization\",\"@id\":\"https:\\\/\\\/openet.it\\\/fr\\\/#organization\",\"name\":\"Openet Technologies Spa\",\"description\":\"Innovation & Technology\",\"url\":\"https:\\\/\\\/openet.it\\\/fr\\\/\",\"telephone\":\"+393892689854\",\"logo\":{\"@type\":\"ImageObject\",\"url\":\"https:\\\/\\\/openet.it\\\/wp-content\\\/uploads\\\/2025\\\/09\\\/logo_openet.png\",\"@id\":\"https:\\\/\\\/openet.it\\\/fr\\\/dallo-spazio-alle-macchine-del-tempo-con-openet-la-nuova-era-di-sparkme-insieme-a-inaf\\\/#organizationLogo\",\"width\":360,\"height\":360},\"image\":{\"@id\":\"https:\\\/\\\/openet.it\\\/fr\\\/dallo-spazio-alle-macchine-del-tempo-con-openet-la-nuova-era-di-sparkme-insieme-a-inaf\\\/#organizationLogo\"},\"sameAs\":[\"https:\\\/\\\/www.facebook.com\\\/OpenetTechnologiesSpa\",\"https:\\\/\\\/x.com\\\/OpenetTechnolog\",\"https:\\\/\\\/it.linkedin.com\\\/company\\\/openet-technologies-s-p-a-\"]},{\"@type\":\"Person\",\"@id\":\"https:\\\/\\\/openet.it\\\/fr\\\/author\\\/OpNeT2018\\\/#author\",\"url\":\"https:\\\/\\\/openet.it\\\/fr\\\/author\\\/OpNeT2018\\\/\",\"name\":\"OpNeT2018\",\"image\":{\"@type\":\"ImageObject\",\"@id\":\"https:\\\/\\\/openet.it\\\/fr\\\/dallo-spazio-alle-macchine-del-tempo-con-openet-la-nuova-era-di-sparkme-insieme-a-inaf\\\/#authorImage\",\"url\":\"https:\\\/\\\/secure.gravatar.com\\\/avatar\\\/3be533c21ae1489a7eab16c841dbf47e203c3d17a418dde53a8229e9c28aacc7?s=96&d=mm&r=g\",\"width\":96,\"height\":96,\"caption\":\"OpNeT2018\"}},{\"@type\":\"WebPage\",\"@id\":\"https:\\\/\\\/openet.it\\\/fr\\\/dallo-spazio-alle-macchine-del-tempo-con-openet-la-nuova-era-di-sparkme-insieme-a-inaf\\\/#webpage\",\"url\":\"https:\\\/\\\/openet.it\\\/fr\\\/dallo-spazio-alle-macchine-del-tempo-con-openet-la-nuova-era-di-sparkme-insieme-a-inaf\\\/\",\"name\":\"Dallo spazio alle \\u201cMacchine del Tempo\\u201d: con Openet la nuova era di SPARKme insieme a INAF - Openet Technologies Spa\",\"description\":\"La straordinaria metamorfosi di Matera in un punto di riferimento per l\\u2019aerospazio e la divulgazione scientifica non \\u00e8 frutto del caso, ma il risultato di una visione strategica nata da lontano. L\\u2019odierna SPARKme Space Academy trae infatti la sua forza dal partenariato che la societ\\u00e0 capofila Openet, , ha saputo tessere negli anni con l\\u2019Agenzia\",\"inLanguage\":\"fr-FR\",\"isPartOf\":{\"@id\":\"https:\\\/\\\/openet.it\\\/fr\\\/#website\"},\"breadcrumb\":{\"@id\":\"https:\\\/\\\/openet.it\\\/fr\\\/dallo-spazio-alle-macchine-del-tempo-con-openet-la-nuova-era-di-sparkme-insieme-a-inaf\\\/#breadcrumblist\"},\"author\":{\"@id\":\"https:\\\/\\\/openet.it\\\/fr\\\/author\\\/OpNeT2018\\\/#author\"},\"creator\":{\"@id\":\"https:\\\/\\\/openet.it\\\/fr\\\/author\\\/OpNeT2018\\\/#author\"},\"image\":{\"@type\":\"ImageObject\",\"url\":\"https:\\\/\\\/openet.it\\\/wp-content\\\/uploads\\\/2026\\\/09\\\/macchine_tempo03_02.avif\",\"@id\":\"https:\\\/\\\/openet.it\\\/fr\\\/dallo-spazio-alle-macchine-del-tempo-con-openet-la-nuova-era-di-sparkme-insieme-a-inaf\\\/#mainImage\",\"width\":480,\"height\":640},\"primaryImageOfPage\":{\"@id\":\"https:\\\/\\\/openet.it\\\/fr\\\/dallo-spazio-alle-macchine-del-tempo-con-openet-la-nuova-era-di-sparkme-insieme-a-inaf\\\/#mainImage\"},\"datePublished\":\"2026-07-07T14:28:00+00:00\",\"dateModified\":\"2026-09-01T14:33:49+00:00\"},{\"@type\":\"WebSite\",\"@id\":\"https:\\\/\\\/openet.it\\\/fr\\\/#website\",\"url\":\"https:\\\/\\\/openet.it\\\/fr\\\/\",\"name\":\"Openet Technologies Spa\",\"description\":\"Innovation & Technology\",\"inLanguage\":\"fr-FR\",\"publisher\":{\"@id\":\"https:\\\/\\\/openet.it\\\/fr\\\/#organization\"}}]}\n\t\t<\/script>\n\t\t<!-- All in One SEO -->\n\n","aioseo_head_json":{"title":"Dallo spazio alle \u201cMacchine del Tempo\u201d: con Openet la nuova era di SPARKme insieme a INAF - Openet Technologies Spa","description":"La straordinaria metamorfosi di Matera in un punto di riferimento per l\u2019aerospazio e la divulgazione scientifica non \u00e8 frutto del caso, ma il risultato di una visione strategica nata da lontano. L\u2019odierna SPARKme Space Academy trae infatti la sua forza dal partenariato che la societ\u00e0 capofila Openet, , ha saputo tessere negli anni con l\u2019Agenzia","canonical_url":"https:\/\/openet.it\/fr\/dallo-spazio-alle-macchine-del-tempo-con-openet-la-nuova-era-di-sparkme-insieme-a-inaf\/","robots":"max-image-preview:large","keywords":"","webmasterTools":{"miscellaneous":""},"schema":{"@context":"https:\/\/schema.org","@graph":[{"@type":"BlogPosting","@id":"https:\/\/openet.it\/fr\/dallo-spazio-alle-macchine-del-tempo-con-openet-la-nuova-era-di-sparkme-insieme-a-inaf\/#blogposting","name":"Dallo spazio alle \u201cMacchine del Tempo\u201d: con Openet la nuova era di SPARKme insieme a INAF - Openet Technologies Spa","headline":"Dallo spazio alle &#8220;Macchine del Tempo&#8221;: con Openet la nuova era di SPARKme insieme a INAF","author":{"@id":"https:\/\/openet.it\/fr\/author\/OpNeT2018\/#author"},"publisher":{"@id":"https:\/\/openet.it\/fr\/#organization"},"image":{"@type":"ImageObject","url":"https:\/\/openet.it\/wp-content\/uploads\/2026\/09\/macchine_tempo03_02.avif","width":480,"height":640},"datePublished":"2026-07-07T14:28:00+00:00","dateModified":"2026-09-01T14:33:49+00:00","inLanguage":"fr-FR","mainEntityOfPage":{"@id":"https:\/\/openet.it\/fr\/dallo-spazio-alle-macchine-del-tempo-con-openet-la-nuova-era-di-sparkme-insieme-a-inaf\/#webpage"},"isPartOf":{"@id":"https:\/\/openet.it\/fr\/dallo-spazio-alle-macchine-del-tempo-con-openet-la-nuova-era-di-sparkme-insieme-a-inaf\/#webpage"},"articleSection":"Uncategorized"},{"@type":"BreadcrumbList","@id":"https:\/\/openet.it\/fr\/dallo-spazio-alle-macchine-del-tempo-con-openet-la-nuova-era-di-sparkme-insieme-a-inaf\/#breadcrumblist","itemListElement":[{"@type":"ListItem","@id":"https:\/\/openet.it\/fr#listItem","position":1,"name":"Home","item":"https:\/\/openet.it\/fr","nextItem":{"@type":"ListItem","@id":"https:\/\/openet.it\/fr\/category\/uncategorized\/#listItem","name":"Uncategorized"}},{"@type":"ListItem","@id":"https:\/\/openet.it\/fr\/category\/uncategorized\/#listItem","position":2,"name":"Uncategorized","item":"https:\/\/openet.it\/fr\/category\/uncategorized\/","nextItem":{"@type":"ListItem","@id":"https:\/\/openet.it\/fr\/dallo-spazio-alle-macchine-del-tempo-con-openet-la-nuova-era-di-sparkme-insieme-a-inaf\/#listItem","name":"Dallo spazio alle &#8220;Macchine del Tempo&#8221;: con Openet la nuova era di SPARKme insieme a INAF"},"previousItem":{"@type":"ListItem","@id":"https:\/\/openet.it\/fr#listItem","name":"Home"}},{"@type":"ListItem","@id":"https:\/\/openet.it\/fr\/dallo-spazio-alle-macchine-del-tempo-con-openet-la-nuova-era-di-sparkme-insieme-a-inaf\/#listItem","position":3,"name":"Dallo spazio alle &#8220;Macchine del Tempo&#8221;: con Openet la nuova era di SPARKme insieme a INAF","previousItem":{"@type":"ListItem","@id":"https:\/\/openet.it\/fr\/category\/uncategorized\/#listItem","name":"Uncategorized"}}]},{"@type":"Organization","@id":"https:\/\/openet.it\/fr\/#organization","name":"Openet Technologies Spa","description":"Innovation & Technology","url":"https:\/\/openet.it\/fr\/","telephone":"+393892689854","logo":{"@type":"ImageObject","url":"https:\/\/openet.it\/wp-content\/uploads\/2025\/09\/logo_openet.png","@id":"https:\/\/openet.it\/fr\/dallo-spazio-alle-macchine-del-tempo-con-openet-la-nuova-era-di-sparkme-insieme-a-inaf\/#organizationLogo","width":360,"height":360},"image":{"@id":"https:\/\/openet.it\/fr\/dallo-spazio-alle-macchine-del-tempo-con-openet-la-nuova-era-di-sparkme-insieme-a-inaf\/#organizationLogo"},"sameAs":["https:\/\/www.facebook.com\/OpenetTechnologiesSpa","https:\/\/x.com\/OpenetTechnolog","https:\/\/it.linkedin.com\/company\/openet-technologies-s-p-a-"]},{"@type":"Person","@id":"https:\/\/openet.it\/fr\/author\/OpNeT2018\/#author","url":"https:\/\/openet.it\/fr\/author\/OpNeT2018\/","name":"OpNeT2018","image":{"@type":"ImageObject","@id":"https:\/\/openet.it\/fr\/dallo-spazio-alle-macchine-del-tempo-con-openet-la-nuova-era-di-sparkme-insieme-a-inaf\/#authorImage","url":"https:\/\/secure.gravatar.com\/avatar\/3be533c21ae1489a7eab16c841dbf47e203c3d17a418dde53a8229e9c28aacc7?s=96&d=mm&r=g","width":96,"height":96,"caption":"OpNeT2018"}},{"@type":"WebPage","@id":"https:\/\/openet.it\/fr\/dallo-spazio-alle-macchine-del-tempo-con-openet-la-nuova-era-di-sparkme-insieme-a-inaf\/#webpage","url":"https:\/\/openet.it\/fr\/dallo-spazio-alle-macchine-del-tempo-con-openet-la-nuova-era-di-sparkme-insieme-a-inaf\/","name":"Dallo spazio alle \u201cMacchine del Tempo\u201d: con Openet la nuova era di SPARKme insieme a INAF - Openet Technologies Spa","description":"La straordinaria metamorfosi di Matera in un punto di riferimento per l\u2019aerospazio e la divulgazione scientifica non \u00e8 frutto del caso, ma il risultato di una visione strategica nata da lontano. L\u2019odierna SPARKme Space Academy trae infatti la sua forza dal partenariato che la societ\u00e0 capofila Openet, , ha saputo tessere negli anni con l\u2019Agenzia","inLanguage":"fr-FR","isPartOf":{"@id":"https:\/\/openet.it\/fr\/#website"},"breadcrumb":{"@id":"https:\/\/openet.it\/fr\/dallo-spazio-alle-macchine-del-tempo-con-openet-la-nuova-era-di-sparkme-insieme-a-inaf\/#breadcrumblist"},"author":{"@id":"https:\/\/openet.it\/fr\/author\/OpNeT2018\/#author"},"creator":{"@id":"https:\/\/openet.it\/fr\/author\/OpNeT2018\/#author"},"image":{"@type":"ImageObject","url":"https:\/\/openet.it\/wp-content\/uploads\/2026\/09\/macchine_tempo03_02.avif","@id":"https:\/\/openet.it\/fr\/dallo-spazio-alle-macchine-del-tempo-con-openet-la-nuova-era-di-sparkme-insieme-a-inaf\/#mainImage","width":480,"height":640},"primaryImageOfPage":{"@id":"https:\/\/openet.it\/fr\/dallo-spazio-alle-macchine-del-tempo-con-openet-la-nuova-era-di-sparkme-insieme-a-inaf\/#mainImage"},"datePublished":"2026-07-07T14:28:00+00:00","dateModified":"2026-09-01T14:33:49+00:00"},{"@type":"WebSite","@id":"https:\/\/openet.it\/fr\/#website","url":"https:\/\/openet.it\/fr\/","name":"Openet Technologies Spa","description":"Innovation & Technology","inLanguage":"fr-FR","publisher":{"@id":"https:\/\/openet.it\/fr\/#organization"}}]},"og:locale":"fr_FR","og:site_name":"Openet Technologies Spa - Innovation &amp; Technology","og:type":"article","og:title":"Dallo spazio alle \u201cMacchine del Tempo\u201d: con Openet la nuova era di SPARKme insieme a INAF - Openet Technologies Spa","og:description":"La straordinaria metamorfosi di Matera in un punto di riferimento per l\u2019aerospazio e la divulgazione scientifica non \u00e8 frutto del caso, ma il risultato di una visione strategica nata da lontano. L\u2019odierna SPARKme Space Academy trae infatti la sua forza dal partenariato che la societ\u00e0 capofila Openet, , ha saputo tessere negli anni con l\u2019Agenzia","og:url":"https:\/\/openet.it\/fr\/dallo-spazio-alle-macchine-del-tempo-con-openet-la-nuova-era-di-sparkme-insieme-a-inaf\/","og:image":"https:\/\/openet.it\/wp-content\/uploads\/2025\/09\/Logo_Openet_2.png","og:image:secure_url":"https:\/\/openet.it\/wp-content\/uploads\/2025\/09\/Logo_Openet_2.png","og:image:width":610,"og:image:height":188,"article:published_time":"2026-07-07T14:28:00+00:00","article:modified_time":"2026-09-01T14:33:49+00:00","article:publisher":"https:\/\/www.facebook.com\/OpenetTechnologiesSpa","twitter:card":"summary_large_image","twitter:site":"@OpenetTechnolog","twitter:title":"Dallo spazio alle \u201cMacchine del Tempo\u201d: con Openet la nuova era di SPARKme insieme a INAF - Openet Technologies Spa","twitter:description":"La straordinaria metamorfosi di Matera in un punto di riferimento per l\u2019aerospazio e la divulgazione scientifica non \u00e8 frutto del caso, ma il risultato di una visione strategica nata da lontano. L\u2019odierna SPARKme Space Academy trae infatti la sua forza dal partenariato che la societ\u00e0 capofila Openet, , ha saputo tessere negli anni con l\u2019Agenzia","twitter:creator":"@OpenetTechnolog","twitter:image":"https:\/\/openet.it\/wp-content\/uploads\/2025\/09\/Logo_Openet_2.png"},"aioseo_meta_data":{"post_id":"1694","title":null,"description":null,"keywords":null,"keyphrases":{"focus":{"keyphrase":"","score":0,"analysis":{"keyphraseInTitle":{"score":0,"maxScore":9,"error":1}}},"additional":[]},"primary_term":null,"canonical_url":null,"og_title":null,"og_description":null,"og_object_type":"default","og_image_type":"default","og_image_url":null,"og_image_width":null,"og_image_height":null,"og_image_custom_url":null,"og_image_custom_fields":null,"og_video":"","og_custom_url":null,"og_article_section":null,"og_article_tags":null,"twitter_use_og":false,"twitter_card":"default","twitter_image_type":"default","twitter_image_url":null,"twitter_image_custom_url":null,"twitter_image_custom_fields":null,"twitter_title":null,"twitter_description":null,"schema":{"blockGraphs":[],"customGraphs":[],"default":{"data":{"Article":[],"Course":[],"Dataset":[],"FAQPage":[],"Movie":[],"Person":[],"Product":[],"ProductReview":[],"Car":[],"Recipe":[],"Service":[],"SoftwareApplication":[],"WebPage":[]},"graphName":"BlogPosting","isEnabled":true},"graphs":[]},"schema_type":"default","schema_type_options":null,"pillar_content":false,"robots_default":true,"robots_noindex":false,"robots_noarchive":false,"robots_nosnippet":false,"robots_nofollow":false,"robots_noimageindex":false,"robots_noodp":false,"robots_notranslate":false,"robots_max_snippet":"-1","robots_max_videopreview":"-1","robots_max_imagepreview":"large","priority":null,"frequency":"default","local_seo":null,"breadcrumb_settings":null,"limit_modified_date":false,"ai":{"faqs":[],"keyPoints":[],"schemas":[],"titles":[],"descriptions":[],"socialPosts":{"email":{"subject":"","preview":"","content":""},"linkedin":[],"twitter":[],"facebook":[],"instagram":[]}},"created":"2026-09-01 14:31:30","updated":"2026-09-01 16:12:32","seo_analyzer_scan_date":null,"focus_keyword":null,"additional_keywords":null,"truseo_locale":null},"aioseo_breadcrumb":"<div class=\"aioseo-breadcrumbs\"><span class=\"aioseo-breadcrumb\">\n\t\t\t<a href=\"https:\/\/openet.it\/fr\" title=\"Home\">Home<\/a>\n\t\t<\/span><span class=\"aioseo-breadcrumb-separator\">&raquo;<\/span><span class=\"aioseo-breadcrumb\">\n\t\t\t<a href=\"https:\/\/openet.it\/fr\/category\/uncategorized\/\" title=\"Uncategorized\">Uncategorized<\/a>\n\t\t<\/span><span class=\"aioseo-breadcrumb-separator\">&raquo;<\/span><span class=\"aioseo-breadcrumb\">\n\t\t\tDallo spazio alle \u201cMacchine del Tempo\u201d: con Openet la nuova era di SPARKme insieme a INAF\n\t\t<\/span><\/div>","aioseo_breadcrumb_json":[{"label":"Home","link":"https:\/\/openet.it\/fr"},{"label":"Uncategorized","link":"https:\/\/openet.it\/fr\/category\/uncategorized\/"},{"label":"Dallo spazio alle &#8220;Macchine del Tempo&#8221;: con Openet la nuova era di SPARKme insieme a INAF","link":"https:\/\/openet.it\/fr\/dallo-spazio-alle-macchine-del-tempo-con-openet-la-nuova-era-di-sparkme-insieme-a-inaf\/"}],"_links":{"self":[{"href":"https:\/\/openet.it\/fr\/wp-json\/wp\/v2\/posts\/1694","targetHints":{"allow":["GET"]}}],"collection":[{"href":"https:\/\/openet.it\/fr\/wp-json\/wp\/v2\/posts"}],"about":[{"href":"https:\/\/openet.it\/fr\/wp-json\/wp\/v2\/types\/post"}],"author":[{"embeddable":true,"href":"https:\/\/openet.it\/fr\/wp-json\/wp\/v2\/users\/1"}],"replies":[{"embeddable":true,"href":"https:\/\/openet.it\/fr\/wp-json\/wp\/v2\/comments?post=1694"}],"version-history":[{"count":4,"href":"https:\/\/openet.it\/fr\/wp-json\/wp\/v2\/posts\/1694\/revisions"}],"predecessor-version":[{"id":1702,"href":"https:\/\/openet.it\/fr\/wp-json\/wp\/v2\/posts\/1694\/revisions\/1702"}],"wp:featuredmedia":[{"embeddable":true,"href":"https:\/\/openet.it\/fr\/wp-json\/wp\/v2\/media\/1697"}],"wp:attachment":[{"href":"https:\/\/openet.it\/fr\/wp-json\/wp\/v2\/media?parent=1694"}],"wp:term":[{"taxonomy":"category","embeddable":true,"href":"https:\/\/openet.it\/fr\/wp-json\/wp\/v2\/categories?post=1694"},{"taxonomy":"post_tag","embeddable":true,"href":"https:\/\/openet.it\/fr\/wp-json\/wp\/v2\/tags?post=1694"}],"curies":[{"name":"wp","href":"https:\/\/api.w.org\/{rel}","templated":true}]}}