{"id":1606,"date":"2024-05-22T09:12:00","date_gmt":"2024-05-22T09:12:00","guid":{"rendered":"https:\/\/openet.it\/?p=1606"},"modified":"2025-11-24T09:16:34","modified_gmt":"2025-11-24T09:16:34","slug":"openet-protagonista-del-bioeconomy-day-2025-innovazione-e-sostenibilita-da-sparkme","status":"publish","type":"post","link":"https:\/\/openet.it\/fr\/openet-protagonista-del-bioeconomy-day-2025-innovazione-e-sostenibilita-da-sparkme\/","title":{"rendered":"Openet \u00e0 l'honneur lors de la Journ\u00e9e de la bio\u00e9conomie 2025\u00a0: innovation et durabilit\u00e9 selon SPARKme"},"content":{"rendered":"<p class=\"translation-block\">La septi\u00e8me \u00e9dition de la Journ\u00e9e de la bio\u00e9conomie en Basilicate s'est d\u00e9roul\u00e9e \u00e0 la SPARKme Space Academy de Matera, un p\u00f4le technologique promu par Openet Technologies, confirmant une fois de plus le r\u00f4le de ce centre de r\u00e9f\u00e9rence en mati\u00e8re d'innovation durable dans le sud de l'Italie. L'\u00e9v\u00e9nement, organis\u00e9 par le Cluster de bio\u00e9conomie lucanien (CLB), s'est tenu chez Openet, une entreprise qui, de par sa mission, a activement contribu\u00e9 au d\u00e9bat sur la mani\u00e8re dont les technologies num\u00e9riques et spatiales peuvent concr\u00e8tement soutenir la transition \u00e9cologique et la valorisation des ressources biologiques. Au c\u0153ur des travaux \u2013 auxquels ont particip\u00e9 institutions, organismes de recherche et entreprises \u2013 figurait le r\u00f4le strat\u00e9gique de l'innovation technologique int\u00e9gr\u00e9e dans la construction d'un mod\u00e8le \u00e9conomique circulaire, r\u00e9silient et \u00e0 faible impact. Une approche qui refl\u00e8te pleinement la mission d'Openet\u00a0: connecter les technologies et les comp\u00e9tences pour un d\u00e9veloppement territorial durable \u00e0 fort impact social.<\/p>\n\n\n\n<p><\/p>","protected":false},"excerpt":{"rendered":"<p>Si \u00e8 svolta presso la SPARKme Space Academy di Matera, hub tecnologico promosso da Openet Technologies, la settima edizione del Bioeconomy Day in Basilicata, confermando ancora una volta il centro come luogo di riferimento per l\u2019innovazione sostenibile nel Sud Italia.L\u2019evento promosso dal Cluster Lucano della Bioeconomia (CLB), si \u00e8 tenuto in Openet, realt\u00e0 aziendale che [&hellip;]<\/p>","protected":false},"author":1,"featured_media":1607,"comment_status":"open","ping_status":"closed","sticky":false,"template":"","format":"standard","meta":{"footnotes":""},"categories":[9],"tags":[],"class_list":["post-1606","post","type-post","status-publish","format-standard","has-post-thumbnail","hentry","category-news"],"aioseo_notices":[],"_links":{"self":[{"href":"https:\/\/openet.it\/fr\/wp-json\/wp\/v2\/posts\/1606","targetHints":{"allow":["GET"]}}],"collection":[{"href":"https:\/\/openet.it\/fr\/wp-json\/wp\/v2\/posts"}],"about":[{"href":"https:\/\/openet.it\/fr\/wp-json\/wp\/v2\/types\/post"}],"author":[{"embeddable":true,"href":"https:\/\/openet.it\/fr\/wp-json\/wp\/v2\/users\/1"}],"replies":[{"embeddable":true,"href":"https:\/\/openet.it\/fr\/wp-json\/wp\/v2\/comments?post=1606"}],"version-history":[{"count":2,"href":"https:\/\/openet.it\/fr\/wp-json\/wp\/v2\/posts\/1606\/revisions"}],"predecessor-version":[{"id":1609,"href":"https:\/\/openet.it\/fr\/wp-json\/wp\/v2\/posts\/1606\/revisions\/1609"}],"wp:featuredmedia":[{"embeddable":true,"href":"https:\/\/openet.it\/fr\/wp-json\/wp\/v2\/media\/1607"}],"wp:attachment":[{"href":"https:\/\/openet.it\/fr\/wp-json\/wp\/v2\/media?parent=1606"}],"wp:term":[{"taxonomy":"category","embeddable":true,"href":"https:\/\/openet.it\/fr\/wp-json\/wp\/v2\/categories?post=1606"},{"taxonomy":"post_tag","embeddable":true,"href":"https:\/\/openet.it\/fr\/wp-json\/wp\/v2\/tags?post=1606"}],"curies":[{"name":"wp","href":"https:\/\/api.w.org\/{rel}","templated":true}]}}